{"id":13813,"date":"2025-07-14T12:04:54","date_gmt":"2025-07-14T10:04:54","guid":{"rendered":"https:\/\/staging.ivrt.de\/?p=13813"},"modified":"2026-04-29T09:33:49","modified_gmt":"2026-04-29T07:33:49","slug":"psykiske-ledsagesygdomme-ved-vestibulaere-lidelser-oget-risiko-for-angstlidelser-og-depressioner","status":"publish","type":"post","link":"https:\/\/staging.ivrt.de\/da\/studien-evidenz\/psychische-begleiterkrankungen-bei-vestibulaeren-stoerungen-erhoehtes-risiko-fuer-angststoerungen-und-depressionen\/","title":{"rendered":"Psykiske f\u00f8lgesygdomme ved vestibul\u00e6re lidelser \u2013 \u00d8get risiko for angst og depression"},"content":{"rendered":"<p class=\"wp-block-paragraph\"><strong>For fagfolk:<\/strong><\/p>\n\n\n\n<p class=\"wp-block-paragraph\">Patienter med vestibul\u00e6re lidelser rapporterer ofte om ledsagende psykiske gener som angst, indre uro eller depressive symptomer.<\/p>\n\n\n\n<p class=\"wp-block-paragraph\">Men hvor hyppigt forekommer disse faktisk \u2013 og hvor st\u00e6rk er sammenh\u00e6ngen?<\/p>\n\n\n\n<p class=\"wp-block-paragraph\">En nyere retrospektiv kohortestudie baseret p\u00e5 TriNetX-databasen unders\u00f8gte sammenh\u00e6ngen mellem vestibul\u00e6re lidelser og psykisk komorbiditet.<\/p>\n\n\n\n<p class=\"wp-block-paragraph\">\ud83d\udd17 <a href=\"https:\/\/aao-hnsfjournals.onlinelibrary.wiley.com\/doi\/10.1002\/oto2.70139\" target=\"_blank\" rel=\"noreferrer noopener\"><strong>Original studie p\u00e5 PubMed<\/strong><\/a><\/p>\n\n\n\n<p class=\"wp-block-paragraph\"><strong>Studiendesign &amp; Metodologi:<\/strong><\/p>\n\n\n\n<ul class=\"wp-block-list\">\n<li>Datakilde<strong>:<\/strong> TriNetX-database (anonymiserede patientdata)<\/li>\n\n\n\n<li>Stikpr\u00f8ve<strong>:<\/strong>\n<ul class=\"wp-block-list\">\n<li>64.153 patienter med vestibul\u00e6re diagnoser<\/li>\n\n\n\n<li>64.153 matchede kontrolpersoner uden vestibul\u00e6re diagnoser<\/li>\n<\/ul>\n<\/li>\n\n\n\n<li>Matching<strong>:<\/strong> Alder, k\u00f8n, tidligere sygdomme<\/li>\n\n\n\n<li>Dataindsamlingsperiode<strong>:<\/strong> 5 \u00e5r efter den f\u00f8rste diagnose<\/li>\n<\/ul>\n\n\n\n<p class=\"wp-block-paragraph\"><strong>Centrale resultater<\/strong><\/p>\n\n\n\n<ul class=\"wp-block-list\">\n<li>\u00d8get risiko hos vestibul\u00e6re patienter:<\/li>\n\n\n\n<li>Depression<strong>:<\/strong> Relativ Risiko (RR) 1,37<\/li>\n\n\n\n<li>Angstlignelse<strong>:<\/strong> RR 1,51<\/li>\n\n\n\n<li>Recept p\u00e5 antidepressiva<strong>:<\/strong> RR 1,41<\/li>\n\n\n\n<li>Disse resultater viser tydeligt, at vestibul\u00e6re lidelser ofte er ledsaget af en \u00f8get psykisk belastning.<\/li>\n<\/ul>\n\n\n\n<p class=\"wp-block-paragraph\"><strong>Konklusion for klinisk praksis<\/strong><\/p>\n\n\n\n<ul class=\"wp-block-list\">\n<li>Vestibul\u00e6re sygdomme som <a href=\"https:\/\/staging.ivrt.de\/da\/patientuddannelse\/vestibulaer-migraene\/\" data-type=\"link\" data-id=\"https:\/\/staging.ivrt.de\/patientenedukation\/vestibulaere-migraene\/\" target=\"_blank\" rel=\"noreferrer noopener\">vestibul\u00e6r migr\u00e6ne<\/a> eller <a href=\"https:\/\/staging.ivrt.de\/da\/patientuddannelse\/menieres-sygdom\/\" data-type=\"link\" data-id=\"https:\/\/staging.ivrt.de\/patientenedukation\/morbus-meniere\/\" target=\"_blank\" rel=\"noreferrer noopener\">Morbus Meni\u00e8re<\/a> \u00f8ger risikoen for angst og depression.<\/li>\n\n\n\n<li>Ogs\u00e5 funktionelle syndromer som f.eks. <a href=\"https:\/\/staging.ivrt.de\/da\/patientuddannelse\/persisterende-postural-perceptuel-svimmelhed-pppd-2\/\" data-type=\"link\" data-id=\"https:\/\/staging.ivrt.de\/patientenedukation\/persistierender-postural-perzeptiver-schwindel-pppd\/\" target=\"_blank\" rel=\"noreferrer noopener\">Persisterende postural-perzeptuel svimmelhed<\/a> (PPPD) optr\u00e6der hyppigt i forbindelse med psykisk belastning \u2013 eller udvikler sig sekund\u00e6rt efter vestibul\u00e6re sygdomme.<\/li>\n\n\n\n<li>En struktureret tv\u00e6rfaglig <a href=\"https:\/\/staging.ivrt.de\/da\/patientuddannelse\/diagnostiske-tests-for-balanceforstyrrelser\/\" data-type=\"link\" data-id=\"https:\/\/staging.ivrt.de\/patientenedukation\/diagnostische-tests-fuer-gleichgewichtsstoerungen-und-schwindelsymptomatik\/\">Diagnostik<\/a> og terapi er essentielt.<\/li>\n<\/ul>\n\n\n\n<p class=\"wp-block-paragraph\"><strong>\ud83d\udc49 Du interesserer dig for en grundformidlet efteruddannelse til <a href=\"https:\/\/staging.ivrt.de\/da\/patientuddannelse\/vestibulaer-rehabiliteringsterapi-og-balance-traening-2\/\" data-type=\"post\" data-id=\"8932\">vestibul\u00e6r rehabiliteringsterapi<\/a> og \u00f8nsker du at uddybe din viden om PPPD?<\/strong><br>Aktuelle efteruddannelsestilbud finder du i <strong><a href=\"https:\/\/staging.ivrt.de\/da\/for-sundhedsfagligt-personale\/efteruddannelsessogning\/\" data-type=\"link\" data-id=\"https:\/\/staging.ivrt.de\/fuer-medizinisches-fachpersonal\/fortbildungssuche\/\">IVRT-Efteruddannelsess\u00f8gning<\/a>.<\/strong><\/p>\n\n\n\n<p class=\"wp-block-paragraph\"><\/p>\n\n\n\n<hr class=\"wp-block-separator has-alpha-channel-opacity\"\/>\n\n\n\n<p class=\"wp-block-paragraph\"><\/p>\n\n\n\n<p class=\"wp-block-paragraph\"><strong>Til patienter \u2013 forklaret p\u00e5 en enkel m\u00e5de<\/strong><\/p>\n\n\n\n<p class=\"wp-block-paragraph\"><strong>Svimmelhed kan sl\u00e5 h\u00e5rdt p\u00e5 psyken \u2013 og omvendt<\/strong><br><em>Depressioner og angst er ikke ualmindelige ved svimmelhed<\/em><\/p>\n\n\n\n<p class=\"wp-block-paragraph\">Mange mennesker med svimmelhedsproblemer f\u00f8ler sig ikke kun fysisk usikre \u2013 men ogs\u00e5 mentalt belastede.<\/p>\n\n\n\n<p class=\"wp-block-paragraph\">Et stort studie fra USA viser:<\/p>\n\n\n\n<p class=\"wp-block-paragraph\">Personer, der lider af svimmelheid, k\u00e6mper hyppigere med depressioner eller angst \u2013 sammenlignet med den generelle befolkning.<\/p>\n\n\n\n<p class=\"wp-block-paragraph\">\ud83d\udcc4 <a href=\"https:\/\/pubmed.ncbi.nlm.nih.gov\/40550632\/\" data-type=\"link\" data-id=\"https:\/\/pubmed.ncbi.nlm.nih.gov\/40421807\/\" target=\"_blank\" rel=\"noreferrer noopener\">Til originalstudiet<\/a><\/p>\n\n\n\n<p class=\"wp-block-paragraph\"><strong>Hvad kom der ud af det?<\/strong><\/p>\n\n\n\n<ul class=\"wp-block-list\">\n<li>Forskere sammenlignede over 64.000 personer ramt af vestibul\u00e6re lidelser med en lige s\u00e5 stor gruppe uden balanceforstyrrelser. Det viste, at:<\/li>\n\n\n\n<li>Depressioner og angstlidelser forekommer v\u00e6sentligt hyppigere hos svimmelhedspatienter.<\/li>\n\n\n\n<li>Medikamenter mod psykiske belastninger bliver ogs\u00e5 ordineret hyppigere til disse patienter.<\/li>\n<\/ul>\n\n\n\n<p class=\"wp-block-paragraph\"><strong>Hvad betyder det?<\/strong><\/p>\n\n\n\n<ul class=\"wp-block-list\">\n<li>Balancesystemet er t\u00e6t forbundet med hjerneomr\u00e5der, der er ansvarlige for f\u00f8lelser, stress og opm\u00e6rksomhed.<\/li>\n\n\n\n<li>Den, der lider af svimmelheid i l\u00e6ngere tid, kan havne i en slags angst-svimmelheds-cirkel.<\/li>\n\n\n\n<li>Omvendt kan psykiske belastninger ogs\u00e5 \u00e6ndre balance og sanseopfattelse.<\/li>\n<\/ul>\n\n\n\n<p class=\"wp-block-paragraph\"><strong>Vidste du det?<\/strong><\/p>\n\n\n\n<p class=\"wp-block-paragraph\">En bestemt form for kronisk svimmelhed kaldes \u201e<a href=\"https:\/\/staging.ivrt.de\/da\/patientuddannelse\/persisterende-postural-perceptuel-svimmelhed-pppd-2\/\" data-type=\"link\" data-id=\"https:\/\/staging.ivrt.de\/patientenedukation\/persistierender-postural-perzeptiver-schwindel-pppd\/\" target=\"_blank\" rel=\"noreferrer noopener\">Persisterende postural-perceptuel svimmelhed<\/a> (PPPD).<\/p>\n\n\n\n<p class=\"wp-block-paragraph\">Derved forts\u00e6tter svimmelheden, selvom den oprindelige \u00e5rsag \u2013 som for eksempel en <a href=\"https:\/\/staging.ivrt.de\/da\/patientuddannelse\/benign-paroksysmal-positionel-svimmelhed-oeresten-3\/\" data-type=\"post\" data-id=\"5936\" target=\"_blank\" rel=\"noreferrer noopener\">Lagringssvindel<\/a>, en <a href=\"https:\/\/staging.ivrt.de\/da\/patientuddannelse\/vestibularisneuritis\/\" data-type=\"post\" data-id=\"7427\" target=\"_blank\" rel=\"noreferrer noopener\">Vestibularisneuritis<\/a> eller et svimmelhedsanfald p\u00e5 grund af <a href=\"https:\/\/staging.ivrt.de\/da\/patientuddannelse\/menieres-sygdom\/\" data-type=\"post\" data-id=\"7403\" target=\"_blank\" rel=\"noreferrer noopener\">Meni\u00e8re<\/a> eller <a href=\"https:\/\/staging.ivrt.de\/da\/patientuddannelse\/vestibulaer-migraene\/\" data-type=\"post\" data-id=\"5313\" target=\"_blank\" rel=\"noreferrer noopener\">vestibul\u00e6r migr\u00e6ne<\/a> \u2013 allerede er forbi.<\/p>\n\n\n\n<p class=\"wp-block-paragraph\">Ofte spiller frygt, overv\u00e6ldelse eller visuelle indtryk (f.eks. n\u00e5r man handler ind) en rolle.<\/p>\n\n\n\n<p class=\"wp-block-paragraph\"><strong>Hvad du kan g\u00f8re<\/strong><\/p>\n\n\n\n<ul class=\"wp-block-list\">\n<li>Du er ikke alene \u2013 og der er m\u00e5lrettet hj\u00e6lp at f\u00e5!<\/li>\n\n\n\n<li>Specialiserede IVRT\u00ae vestibul\u00e6re terapeuter kender til de fysisk-psykiske sammenh\u00e6nge og kan hj\u00e6lpe dig med at genvinde trygheden i hverdagen.<\/li>\n<\/ul>\n\n\n\n<p class=\"wp-block-paragraph\">\ud83c\udfaf <strong>Alle specialuddannede IVRT\u00ae svimmelheds- og vestibul\u00e6rterapeuter<\/strong> finde os via vores <strong><a href=\"https:\/\/staging.ivrt.de\/da\/for-patienter\/find-terapeut\/\" data-type=\"page\" data-id=\"101\" target=\"_blank\" rel=\"noreferrer noopener\">S\u00f8gning efter IVRT-terapeut<\/a><\/strong><\/p>\n\n\n\n<p class=\"wp-block-paragraph\"><a id=\"_msocom_1\"><\/a><\/p>\n\n\n\n<p class=\"wp-block-paragraph\"><\/p>\n\n\n\n<p class=\"wp-block-paragraph\"><\/p>","protected":false},"excerpt":{"rendered":"<p>F\u00fcr Fachpersonal: Patient:innen mit vestibul\u00e4ren St\u00f6rungen berichten h\u00e4ufig \u00fcber psychische Begleitbeschwerden wie Angst, innere Unruhe oder depressive Verstimmungen. Doch wie h\u00e4ufig treten diese tats\u00e4chlich auf \u2013 und wie stark ist der Zusammenhang? Eine aktuelle retrospektive Kohortenstudie auf Basis der TriNetX-Datenbank untersuchte den Zusammenhang zwischen vestibul\u00e4ren St\u00f6rungen und psychischer Komorbidit\u00e4t. \ud83d\udd17 Originalstudie auf PubMed Studiendesign &amp; [&hellip;]<\/p>\n","protected":false},"author":11,"featured_media":18003,"comment_status":"closed","ping_status":"closed","sticky":false,"template":"","format":"standard","meta":{"_surecart_dashboard_logo_width":"180px","_surecart_dashboard_show_logo":true,"_surecart_dashboard_navigation_orders":true,"_surecart_dashboard_navigation_invoices":true,"_surecart_dashboard_navigation_subscriptions":true,"_surecart_dashboard_navigation_downloads":true,"_surecart_dashboard_navigation_billing":true,"_surecart_dashboard_navigation_account":true,"_jf_save_progress":"","iawp_total_views":784,"footnotes":"","_members_access_role":[],"_members_access_error":""},"categories":[215],"tags":[],"class_list":["post-13813","post","type-post","status-publish","format-standard","has-post-thumbnail","hentry","category-studien-evidenz"],"_links":{"self":[{"href":"https:\/\/staging.ivrt.de\/da\/wp-json\/wp\/v2\/posts\/13813","targetHints":{"allow":["GET"]}}],"collection":[{"href":"https:\/\/staging.ivrt.de\/da\/wp-json\/wp\/v2\/posts"}],"about":[{"href":"https:\/\/staging.ivrt.de\/da\/wp-json\/wp\/v2\/types\/post"}],"author":[{"embeddable":true,"href":"https:\/\/staging.ivrt.de\/da\/wp-json\/wp\/v2\/users\/11"}],"replies":[{"embeddable":true,"href":"https:\/\/staging.ivrt.de\/da\/wp-json\/wp\/v2\/comments?post=13813"}],"version-history":[{"count":1,"href":"https:\/\/staging.ivrt.de\/da\/wp-json\/wp\/v2\/posts\/13813\/revisions"}],"predecessor-version":[{"id":17489,"href":"https:\/\/staging.ivrt.de\/da\/wp-json\/wp\/v2\/posts\/13813\/revisions\/17489"}],"wp:featuredmedia":[{"embeddable":true,"href":"https:\/\/staging.ivrt.de\/da\/wp-json\/wp\/v2\/media\/18003"}],"wp:attachment":[{"href":"https:\/\/staging.ivrt.de\/da\/wp-json\/wp\/v2\/media?parent=13813"}],"wp:term":[{"taxonomy":"category","embeddable":true,"href":"https:\/\/staging.ivrt.de\/da\/wp-json\/wp\/v2\/categories?post=13813"},{"taxonomy":"post_tag","embeddable":true,"href":"https:\/\/staging.ivrt.de\/da\/wp-json\/wp\/v2\/tags?post=13813"}],"curies":[{"name":"godt spillet","href":"https:\/\/api.w.org\/{rel}","templated":true}]}}