{"id":17776,"date":"2026-04-02T15:14:33","date_gmt":"2026-04-02T13:14:33","guid":{"rendered":"https:\/\/staging.ivrt.de\/?p=17776"},"modified":"2026-04-02T15:14:36","modified_gmt":"2026-04-02T13:14:36","slug":"duizeligheid-angst-en-depressie-onderschatte-psychische-last","status":"publish","type":"post","link":"https:\/\/staging.ivrt.de\/nl\/studien-evidenz\/schwindel-angst-und-depression-die-unterschaetzte-psychische-last-neue-meta-analyse-liefert-klare-evidenz\/","title":{"rendered":"Duizeligheid, angst en depressie: de onderschatte psychische belasting \u2013 nieuwe meta-analyse levert duidelijk bewijs"},"content":{"rendered":"<p class=\"wp-block-paragraph\"><strong>Voor zorgprofessionals:<\/strong><\/p>\n\n\n\n<p class=\"wp-block-paragraph\">Dat duizeligheid de mentale gezondheid be\u00efnvloedt, is klinisch bekend. Maar hoe groot is het risico werkelijk? Een grote meta-analyse van Kim et al. toont aan: pati\u00ebnten met vestibulaire aandoeningen lijden tot drie keer vaker aan depressie en angststoornissen dan gezonde mensen. Vooral pati\u00ebnten met episodische aandoeningen zijn getroffen.<\/p>\n\n\n\n<p class=\"wp-block-paragraph\">\ud83d\udd17 Kim CH, McCray LR, Nguyen SA, Staab JP, Jafri S, Rizk H. Angst en depressie bij volwassenen met vestibulaire stoornissen: een systematische review en meta-analyse.\u00a0<em>Laryngoscoop<\/em>. 2026;136(2):535-546. doi:10.1002\/lary.70055.<\/p>\n\n\n\n<p class=\"wp-block-paragraph\"><a href=\"https:\/\/pubmed.ncbi.nlm.nih.gov\/40815545\/\" target=\"_blank\" rel=\"noreferrer noopener\"><strong>Originele studie op PubMed<\/strong><\/a><\/p>\n\n\n\n<p class=\"wp-block-paragraph\"><strong>De belangrijkste statistische resultaten<\/strong><\/p>\n\n\n\n<p class=\"wp-block-paragraph\">De analyse van 85 studies met in totaal&nbsp;<strong>764.403 deelnemers<\/strong>&nbsp;laat een duidelijk beeld zien van psychische comorbiditeit:<\/p>\n\n\n\n<ul class=\"wp-block-list\">\n<li><strong>Angststoornissen:<\/strong>\u00a031.4% of dizziness patients (vs. 8.3% in controls)<\/li>\n\n\n\n<li><strong>Depressieve stoornissen:<\/strong>\u00a028,3% van de pati\u00ebnten (vs. 4,7% in de controlegroep)<\/li>\n\n\n\n<li><strong>Relatief risico:<\/strong>\u00a0het risico op depressie is\u00a0<strong>2,9 keer<\/strong>\u00a0hoger<\/li>\n<\/ul>\n\n\n\n<p class=\"wp-block-paragraph\"><strong>Risicoprofiel per diagnose: episodisch vs. eenmalig<\/strong><\/p>\n\n\n\n<p class=\"wp-block-paragraph\">Een belangrijk resultaat is dat de&nbsp;<strong>onvoorspelbaarheid<\/strong>&nbsp;van aanvallen de psychische belasting sterk verhoogt. Pati\u00ebnten met episodische aandoeningen hebben duidelijk hogere percentages dan pati\u00ebnten met een eenmalige gebeurtenis zoals vestibulaire neuritis:<\/p>\n\n\n\n<figure class=\"wp-block-table\"><table class=\"has-fixed-layout\"><thead><tr><td><strong>Diagnose<\/strong><\/td><td><strong>Angstprevalentie<\/strong><\/td><td><strong>Depressieprevalentie<\/strong><\/td><\/tr><\/thead><tbody><tr><td><strong><a href=\"https:\/\/staging.ivrt.de\/nl\/duizeligheid-aandoeningen\/ziekte-van-meniere\/\" data-type=\"post\" data-id=\"7403\" target=\"_blank\" rel=\"noreferrer noopener\">Ziekte van Meni\u00e8re<\/a> (MD)<\/strong><\/td><td><strong>47,0 %<\/strong><\/td><td><strong>43,1 %<\/strong><\/td><\/tr><tr><td><strong><a href=\"https:\/\/staging.ivrt.de\/nl\/duizeligheid-aandoeningen\/vestibulaire-migraine\/\" data-type=\"post\" data-id=\"5313\">Vestibulaire migraine <\/a>VM<\/strong><\/td><td><strong>46,5 %<\/strong><\/td><td><strong>35,7 %<\/strong><\/td><\/tr><tr><td><strong><a href=\"https:\/\/staging.ivrt.de\/nl\/duizeligheid-aandoeningen\/goedaardige-paroxismale-positieduizeligheid-bppd\/\" data-type=\"post\" data-id=\"5936\" target=\"_blank\" rel=\"noreferrer noopener\">positie duizeligheid<\/a> (BPPD)<\/strong><\/td><td>30,6 %<\/td><td>23,6 %<\/td><\/tr><tr><td><strong><a href=\"https:\/\/staging.ivrt.de\/nl\/duizeligheid-aandoeningen\/vestibulaire-neuritis\/\" data-type=\"post\" data-id=\"7427\">neuritis vestibularis<\/a> (VN)<\/strong><\/td><td>19,4 %<\/td><td>20,7 %<\/td><\/tr><\/tbody><\/table><\/figure>\n\n\n\n<p class=\"wp-block-paragraph\"><strong>Waarom is dat zo?<\/strong><\/p>\n\n\n\n<p class=\"wp-block-paragraph\">De auteurs noemen verschillende verklaringen:<\/p>\n\n\n\n<ol start=\"1\" class=\"wp-block-list\">\n<li>Gedeelde netwerken: Er bestaan bidirectionele verbindingen tussen vestibulaire banen en angstcentra (amygdala, insula, prefrontale cortex).<\/li>\n\n\n\n<li>Autonome disregulatie: Een verminderde hartslagvariabiliteit komt voor bij zowel duizeligheid als angst.<\/li>\n\n\n\n<li>DHI-correlatie: Er is een duidelijke relatie tussen de Dizziness Handicap Inventory (DHI) en de ernst van psychische klachten. Hoe groter de beperking in het dagelijks leven, hoe hoger de psychische belasting.<\/li>\n<\/ol>\n\n\n\n<h3 class=\"wp-block-heading\">Conclusie voor de praktijk<\/h3>\n\n\n\n<p class=\"wp-block-paragraph\">De studie benadrukt de noodzaak van een ge\u00efntegreerde aanpak. Vestibulaire problemen mogen niet los van psychologische factoren worden bekeken. Deze be\u00efnvloeden zowel het succes van behandelingen als de kwaliteit van leven.\u00a0<strong>ge\u00efntegreerd zorgmodel<\/strong>. Vestibulaire stoornissen mogen niet ge\u00efsoleerd worden beschouwd. Psychologische factoren be\u00efnvloeden het succes van neuro-otologische interventies en de algemene kwaliteit van leven in aanzienlijke mate.<\/p>\n\n\n\n<p class=\"wp-block-paragraph\"><strong>\ud83d\udc49 Ge\u00efnteresseerd in een diepgaande opleiding <a href=\"https:\/\/staging.ivrt.de\/nl\/patientenvoorlichting\/vestibulaire-revalidatie-en-evenwichtstraining\/\" data-type=\"post\" data-id=\"8932\" target=\"_blank\" rel=\"noreferrer noopener\">vestibulaire revalidatie<\/a> en will je <strong>leren <strong>hoe je de psychosomatische component in duizeligheidstherapie herkent en begeleidt?<\/strong><\/strong>\u00a0<\/strong><\/p>\n\n\n\n<p class=\"wp-block-paragraph\">Voor actuele opleidingen zie de <strong><a href=\"https:\/\/staging.ivrt.de\/nl\/voor-medisch-personeel\/cursuszoeker\/\" data-type=\"link\" data-id=\"https:\/\/staging.ivrt.de\/fuer-medizinisches-fachpersonal\/fortbildungssuche\/\" target=\"_blank\" rel=\"noreferrer noopener\">IVRT-nascholingszoeker<\/a>.<\/strong><\/p>\n\n\n\n<p class=\"wp-block-paragraph\"><\/p>\n\n\n\n<hr class=\"wp-block-separator has-alpha-channel-opacity\"\/>\n\n\n\n<p class=\"wp-block-paragraph\"><\/p>\n\n\n\n<p class=\"wp-block-paragraph\"><strong>Voor pati\u00ebnten \u2013 eenvoudig uitgelegd<\/strong><\/p>\n\n\n\n<p class=\"wp-block-paragraph\"><strong><strong>Duizeligheid en mentaal welzijn: waarom angst en somberheid vaak samengaan<\/strong><\/strong><\/p>\n\n\n\n<p class=\"wp-block-paragraph\">Wanneer de grond onder de voeten wankelt, raakt vaak ook het psychische evenwicht aan het wankelen. Een enorme nieuwe studie met meer dan 750.000 deelnemers heeft nu bevestigd: mensen met duizeligheidsklachten hebben een duidelijk hoger risico op angststoornissen en depressies.<\/p>\n\n\n\n<p class=\"wp-block-paragraph\"><br>\ud83d\udcc4 Kim CH, McCray LR, Nguyen SA, Staab JP, Jafri S, Rizk H. Angst en depressie bij volwassenen met vestibulaire stoornissen: een systematische review en meta-analyse.\u00a0<em>Laryngoscoop<\/em>. 2026;136(2):535-546. doi:10.1002\/lary.70055.<\/p>\n\n\n\n<p class=\"wp-block-paragraph\"><a href=\"https:\/\/pubmed.ncbi.nlm.nih.gov\/40815545\/\" data-type=\"link\" data-id=\"https:\/\/pubmed.ncbi.nlm.nih.gov\/40421807\/\" target=\"_blank\" rel=\"noreferrer noopener\">Naar de originele studie<\/a><\/p>\n\n\n\n<p class=\"wp-block-paragraph\"><strong>Belangrijkste inzichten:<\/strong>:<\/p>\n\n\n\n<ul class=\"wp-block-list\">\n<li><strong>Je bent niet alleen<\/strong>: Bijna 1 op de 3 pati\u00ebnten ontwikkelt angst, en bijna 1 op de 4 depressieve klachten. Bij aandoeningen zoals <a href=\"https:\/\/staging.ivrt.de\/nl\/duizeligheid-aandoeningen\/ziekte-van-meniere\/\" data-type=\"post\" data-id=\"7403\" target=\"_blank\" rel=\"noreferrer noopener\">Ziekte van Meni\u00e8re<\/a> of <a href=\"https:\/\/staging.ivrt.de\/nl\/duizeligheid-aandoeningen\/vestibulaire-migraine\/\" data-type=\"post\" data-id=\"5313\" target=\"_blank\" rel=\"noreferrer noopener\">vestibulaire migraine<\/a> is dit bijna 1 op de 2.<\/li>\n\n\n\n<li><strong>Angst is een biologische reactie<\/strong>: Ihr Gehirn nutzt dieselben Netzwerke f\u00fcr das Gleichgewicht und f\u00fcr die Bewertung von Gefahren. Wenn das Gleichgewichtssignal gest\u00f6rt ist, schl\u00e4gt das &#8220;Angstzentrum&#8221; im Kopf schneller Alarm.<\/li>\n\n\n\n<li><strong>Onvoorspelbaarheid belast extra<\/strong>: Episodische duizeligheid (zoals bij M\u00e9ni\u00e8re) heeft een grotere impact dan een eenmalige gebeurtenis.<\/li>\n<\/ul>\n\n\n\n<p class=\"wp-block-paragraph\"><strong>Wat kunt u doen?<\/strong><\/p>\n\n\n\n<ul class=\"wp-block-list\">\n<li><strong>Zoek een holistische behandeling<\/strong>: Combineer fysieke therapie met aandacht voor de psychosomatische component. Mentale strategie\u00ebn zijn net zo belangrijk als balansoefeningen.<\/li>\n\n\n\n<li><strong>Gerichte training (VRT)<\/strong>: <a href=\"https:\/\/staging.ivrt.de\/nl\/duizeligheid-aandoeningen\/vestibulaire-revalidatie-en-evenwichtstraining\/\" data-type=\"post\" data-id=\"8932\" target=\"_blank\" rel=\"noreferrer noopener\">Evenwichtstraining<\/a> verbetert niet alleen stabiliteit, maar vermindert ook angst doordat je meer vertrouwen krijgt in het dagelijks leven.<\/li>\n\n\n\n<li><strong>Grijp vroeg in<\/strong>: Hoe eerder psychische klachten worden herkend en behandeld, hoe kleiner de kans op chronische klachten (zoals <a href=\"https:\/\/staging.ivrt.de\/nl\/duizeligheid-aandoeningen\/persisterende-posturale-perceptuele-duizeligheid-pppd\/\" data-type=\"post\" data-id=\"5343\" target=\"_blank\" rel=\"noreferrer noopener\">PPPD<\/a>).<\/li>\n<\/ul>\n\n\n\n<p class=\"wp-block-paragraph\">\ud83c\udfaf <strong>Onze speciaal opgeleide IVRT\u00ae-duizel- en vestibulairtherapeuten<\/strong> help u<strong>:<\/strong> Wij kennen het sterke verband tussen duizeligheid en mentale gezondheid. Onze therapie richt zich op het herstellen van vertrouwen in het dagelijks leven, zodat je zenuwstelsel tot rust kan komen. Vind een gespecialiseerde therapeut bij jou in de buurt <strong><a href=\"https:\/\/staging.ivrt.de\/nl\/voor-patienten\/therapeutenzoektocht\/\" data-type=\"page\" data-id=\"101\" target=\"_blank\" rel=\"noreferrer noopener\">IVRT-therapeutzoeker<\/a><\/strong><\/p>\n\n\n\n<p class=\"wp-block-paragraph\"><a id=\"_msocom_1\"><\/a><\/p>\n\n\n\n<p class=\"wp-block-paragraph\"><\/p>\n\n\n\n<p class=\"wp-block-paragraph\"><\/p>","protected":false},"excerpt":{"rendered":"<p>F\u00fcr Fachpersonal: Dass Schwindel die psychische Gesundheit beeintr\u00e4chtigt, ist klinisch bekannt. Doch wie hoch ist das Risiko wirklich? Eine monumentale Meta-Analyse von Kim et al. zeigt: Patienten mit vestibul\u00e4ren St\u00f6rungen leiden bis zu dreimal h\u00e4ufiger an Depressionen und Angstst\u00f6rungen als Gesunde. Besonders betroffen sind Patienten mit schubf\u00f6rmigen Erkrankungen. \ud83d\udd17 Kim CH, McCray LR, Nguyen SA, [&hellip;]<\/p>\n","protected":false},"author":11,"featured_media":17781,"comment_status":"closed","ping_status":"closed","sticky":false,"template":"","format":"standard","meta":{"_surecart_dashboard_logo_width":"180px","_surecart_dashboard_show_logo":true,"_surecart_dashboard_navigation_orders":true,"_surecart_dashboard_navigation_invoices":true,"_surecart_dashboard_navigation_subscriptions":true,"_surecart_dashboard_navigation_downloads":true,"_surecart_dashboard_navigation_billing":true,"_surecart_dashboard_navigation_account":true,"_jf_save_progress":"","iawp_total_views":337,"footnotes":"","_members_access_role":[],"_members_access_error":""},"categories":[215],"tags":[],"class_list":["post-17776","post","type-post","status-publish","format-standard","has-post-thumbnail","hentry","category-studien-evidenz"],"_links":{"self":[{"href":"https:\/\/staging.ivrt.de\/nl\/wp-json\/wp\/v2\/posts\/17776","targetHints":{"allow":["GET"]}}],"collection":[{"href":"https:\/\/staging.ivrt.de\/nl\/wp-json\/wp\/v2\/posts"}],"about":[{"href":"https:\/\/staging.ivrt.de\/nl\/wp-json\/wp\/v2\/types\/post"}],"author":[{"embeddable":true,"href":"https:\/\/staging.ivrt.de\/nl\/wp-json\/wp\/v2\/users\/11"}],"replies":[{"embeddable":true,"href":"https:\/\/staging.ivrt.de\/nl\/wp-json\/wp\/v2\/comments?post=17776"}],"version-history":[{"count":4,"href":"https:\/\/staging.ivrt.de\/nl\/wp-json\/wp\/v2\/posts\/17776\/revisions"}],"predecessor-version":[{"id":17780,"href":"https:\/\/staging.ivrt.de\/nl\/wp-json\/wp\/v2\/posts\/17776\/revisions\/17780"}],"wp:featuredmedia":[{"embeddable":true,"href":"https:\/\/staging.ivrt.de\/nl\/wp-json\/wp\/v2\/media\/17781"}],"wp:attachment":[{"href":"https:\/\/staging.ivrt.de\/nl\/wp-json\/wp\/v2\/media?parent=17776"}],"wp:term":[{"taxonomy":"category","embeddable":true,"href":"https:\/\/staging.ivrt.de\/nl\/wp-json\/wp\/v2\/categories?post=17776"},{"taxonomy":"post_tag","embeddable":true,"href":"https:\/\/staging.ivrt.de\/nl\/wp-json\/wp\/v2\/tags?post=17776"}],"curies":[{"name":"Goed gespeeld","href":"https:\/\/api.w.org\/{rel}","templated":true}]}}